{"id":24,"count":18,"description":"<h2>De bons l\u00e9gumes bio au naturel, \u00e0 savourer toute l\u2019ann\u00e9e<\/h2>\r\n<div class=\"addReadMore showlesscontent\">Parce qu\u2019on n\u2019a pas toujours le temps de passer des heures en cuisine\u2026 Prosain prend le relai, et vous pr\u00e9pare des bocaux de l\u00e9gumes bio tout pr\u00eats ! Nos l\u00e9gumes au naturel bio sont majoritairement cultiv\u00e9s en France par nos agriculteurs partenaires, sans produits chimiques dans le respect du cahier des charges de l\u2019agriculture biologique. Ils sont cueillis \u00e0 maturit\u00e9 et pr\u00e9serv\u00e9s en bocal en verre : la meilleure fa\u00e7on de consommer des l\u00e9gumes en toute simplicit\u00e9 ! D\u00e9couvrez notre large gamme de l\u00e9gumes au naturel bio : des <a href=\"https:\/\/prosain.fr\/tous-nos-produits-bio\/haricots-verts-extra-fins-bio\/\" target=\"_blank\" rel=\"noopener\">haricots verts<\/a> aux <a href=\"https:\/\/prosain.fr\/tous-nos-produits-bio\/petits-pois-extra-fins-bio-sans-sel-ajoute\/\" target=\"_blank\" rel=\"noopener\">petits pois<\/a> en passant par le <a href=\"https:\/\/prosain.fr\/tous-nos-produits-bio\/mais-doux-bio-equitable-sans-sel-ajoute\/\" target=\"_blank\" rel=\"noopener\">ma\u00efs doux<\/a> ou encore l\u2019<a href=\"https:\/\/prosain.fr\/tous-nos-produits-bio\/macedoine-bio-sans-sel-ajoute\/\" target=\"_blank\" rel=\"noopener\">iconique mac\u00e9doine<\/a>, la cuisson de chaque l\u00e9gume est ma\u00eetris\u00e9e afin de lui garantir une texture parfaite.<\/div>","link":"https:\/\/prosain.fr\/tous-nos-produits-bio\/legumes-bio-en-bocal\/","name":"L\u00e9gumes Bio en Bocal","slug":"legumes-bio-en-bocal","taxonomy":"gamme_produit","parent":18,"meta":[],"acf":[],"yoast_head":"<!-- This site is optimized with the Yoast SEO Premium plugin v19.4 (Yoast SEO v19.9) - https:\/\/yoast.com\/wordpress\/plugins\/seo\/ -->\n<title>L\u00e9gumes Bio en Bocal - Prosain<\/title>\n<meta name=\"description\" content=\"L\u00e9gumes Bio en Bocal . Retrouvez la gamme de L\u00e9gumes Bio en Bocal , produits bio de Prosain.\" \/>\n<meta name=\"robots\" content=\"index, follow, max-snippet:-1, max-image-preview:large, max-video-preview:-1\" \/>\n<link rel=\"canonical\" href=\"https:\/\/prosain.fr\/nl\/tous-nos-produits-bio\/legumes-bio-en-bocal\/\" \/>\n<meta property=\"og:locale\" content=\"nl_NL\" \/>\n<meta property=\"og:type\" content=\"article\" \/>\n<meta property=\"og:title\" content=\"L\u00e9gumes Bio en Bocal\" \/>\n<meta property=\"og:description\" content=\"L\u00e9gumes Bio en Bocal . Retrouvez la gamme de L\u00e9gumes Bio en Bocal , produits bio de Prosain.\" \/>\n<meta property=\"og:url\" content=\"https:\/\/prosain.fr\/tous-nos-produits-bio\/legumes-bio-en-bocal\/\" \/>\n<meta property=\"og:site_name\" content=\"Prosain\" \/>\n<meta name=\"twitter:card\" content=\"summary_large_image\" \/>\n<script type=\"application\/ld+json\" class=\"yoast-schema-graph\">{\"@context\":\"https:\/\/schema.org\",\"@graph\":[{\"@type\":\"CollectionPage\",\"@id\":\"https:\/\/prosain.fr\/tous-nos-produits-bio\/legumes-bio-en-bocal\/\",\"url\":\"https:\/\/prosain.fr\/tous-nos-produits-bio\/legumes-bio-en-bocal\/\",\"name\":\"L\u00e9gumes Bio en Bocal - Prosain\",\"isPartOf\":{\"@id\":\"https:\/\/prosain.fr\/nl\/#website\"},\"description\":\"L\u00e9gumes Bio en Bocal . Retrouvez la gamme de L\u00e9gumes Bio en Bocal , produits bio de Prosain.\",\"breadcrumb\":{\"@id\":\"https:\/\/prosain.fr\/tous-nos-produits-bio\/legumes-bio-en-bocal\/#breadcrumb\"},\"inLanguage\":\"nl\"},{\"@type\":\"BreadcrumbList\",\"@id\":\"https:\/\/prosain.fr\/tous-nos-produits-bio\/legumes-bio-en-bocal\/#breadcrumb\",\"itemListElement\":[{\"@type\":\"ListItem\",\"position\":1,\"name\":\"Prosain\",\"item\":\"https:\/\/prosain.fr\/nl\/\"},{\"@type\":\"ListItem\",\"position\":2,\"name\":\"Nos produits Bio\",\"item\":\"https:\/\/prosain.fr\/tous-nos-produits-bio\/tous-nos-produits-bio\/\"},{\"@type\":\"ListItem\",\"position\":3,\"name\":\"L\u00e9gumes Bio en Bocal\"}]},{\"@type\":\"WebSite\",\"@id\":\"https:\/\/prosain.fr\/nl\/#website\",\"url\":\"https:\/\/prosain.fr\/nl\/\",\"name\":\"Prosain\",\"description\":\"Le sp\u00e9cialiste de l&#039;alimentation biologique et des produits BIO vous apporte sant\u00e9 et bien-\u00eatre\",\"publisher\":{\"@id\":\"https:\/\/prosain.fr\/nl\/#organization\"},\"potentialAction\":[{\"@type\":\"SearchAction\",\"target\":{\"@type\":\"EntryPoint\",\"urlTemplate\":\"https:\/\/prosain.fr\/nl\/?s={search_term_string}\"},\"query-input\":\"required name=search_term_string\"}],\"inLanguage\":\"nl\"},{\"@type\":\"Organization\",\"@id\":\"https:\/\/prosain.fr\/nl\/#organization\",\"name\":\"Prosain\",\"url\":\"https:\/\/prosain.fr\/nl\/\",\"logo\":{\"@type\":\"ImageObject\",\"inLanguage\":\"nl\",\"@id\":\"https:\/\/prosain.fr\/nl\/#\/schema\/logo\/image\/\",\"url\":\"https:\/\/prosain.fr\/wp-content\/uploads\/2021\/10\/prosain.png\",\"contentUrl\":\"https:\/\/prosain.fr\/wp-content\/uploads\/2021\/10\/prosain.png\",\"width\":353,\"height\":151,\"caption\":\"Prosain\"},\"image\":{\"@id\":\"https:\/\/prosain.fr\/nl\/#\/schema\/logo\/image\/\"}}]}<\/script>\n<!-- \/ Yoast SEO Premium plugin. -->","yoast_head_json":{"title":"L\u00e9gumes Bio en Bocal - Prosain","description":"L\u00e9gumes Bio en Bocal . Retrouvez la gamme de L\u00e9gumes Bio en Bocal , produits bio de Prosain.","robots":{"index":"index","follow":"follow","max-snippet":"max-snippet:-1","max-image-preview":"max-image-preview:large","max-video-preview":"max-video-preview:-1"},"canonical":"https:\/\/prosain.fr\/nl\/tous-nos-produits-bio\/legumes-bio-en-bocal\/","og_locale":"nl_NL","og_type":"article","og_title":"L\u00e9gumes Bio en Bocal","og_description":"L\u00e9gumes Bio en Bocal . Retrouvez la gamme de L\u00e9gumes Bio en Bocal , produits bio de Prosain.","og_url":"https:\/\/prosain.fr\/tous-nos-produits-bio\/legumes-bio-en-bocal\/","og_site_name":"Prosain","twitter_card":"summary_large_image","schema":{"@context":"https:\/\/schema.org","@graph":[{"@type":"CollectionPage","@id":"https:\/\/prosain.fr\/tous-nos-produits-bio\/legumes-bio-en-bocal\/","url":"https:\/\/prosain.fr\/tous-nos-produits-bio\/legumes-bio-en-bocal\/","name":"L\u00e9gumes Bio en Bocal - Prosain","isPartOf":{"@id":"https:\/\/prosain.fr\/nl\/#website"},"description":"L\u00e9gumes Bio en Bocal . Retrouvez la gamme de L\u00e9gumes Bio en Bocal , produits bio de Prosain.","breadcrumb":{"@id":"https:\/\/prosain.fr\/tous-nos-produits-bio\/legumes-bio-en-bocal\/#breadcrumb"},"inLanguage":"nl"},{"@type":"BreadcrumbList","@id":"https:\/\/prosain.fr\/tous-nos-produits-bio\/legumes-bio-en-bocal\/#breadcrumb","itemListElement":[{"@type":"ListItem","position":1,"name":"Prosain","item":"https:\/\/prosain.fr\/nl\/"},{"@type":"ListItem","position":2,"name":"Nos produits Bio","item":"https:\/\/prosain.fr\/tous-nos-produits-bio\/tous-nos-produits-bio\/"},{"@type":"ListItem","position":3,"name":"L\u00e9gumes Bio en Bocal"}]},{"@type":"WebSite","@id":"https:\/\/prosain.fr\/nl\/#website","url":"https:\/\/prosain.fr\/nl\/","name":"Prosain","description":"Le sp\u00e9cialiste de l&#039;alimentation biologique et des produits BIO vous apporte sant\u00e9 et bien-\u00eatre","publisher":{"@id":"https:\/\/prosain.fr\/nl\/#organization"},"potentialAction":[{"@type":"SearchAction","target":{"@type":"EntryPoint","urlTemplate":"https:\/\/prosain.fr\/nl\/?s={search_term_string}"},"query-input":"required name=search_term_string"}],"inLanguage":"nl"},{"@type":"Organization","@id":"https:\/\/prosain.fr\/nl\/#organization","name":"Prosain","url":"https:\/\/prosain.fr\/nl\/","logo":{"@type":"ImageObject","inLanguage":"nl","@id":"https:\/\/prosain.fr\/nl\/#\/schema\/logo\/image\/","url":"https:\/\/prosain.fr\/wp-content\/uploads\/2021\/10\/prosain.png","contentUrl":"https:\/\/prosain.fr\/wp-content\/uploads\/2021\/10\/prosain.png","width":353,"height":151,"caption":"Prosain"},"image":{"@id":"https:\/\/prosain.fr\/nl\/#\/schema\/logo\/image\/"}}]}},"_links":{"self":[{"href":"https:\/\/prosain.fr\/nl\/wp-json\/wp\/v2\/gamme_produit\/24"}],"collection":[{"href":"https:\/\/prosain.fr\/nl\/wp-json\/wp\/v2\/gamme_produit"}],"about":[{"href":"https:\/\/prosain.fr\/nl\/wp-json\/wp\/v2\/taxonomies\/gamme_produit"}],"up":[{"embeddable":true,"href":"https:\/\/prosain.fr\/nl\/wp-json\/wp\/v2\/gamme_produit\/18"}]}}